{"id":14001,"date":"2023-04-24T12:40:40","date_gmt":"2023-04-24T10:40:40","guid":{"rendered":"https:\/\/cabinet-management-transition.com\/expertise-of-an-administrative-and-financial-manager-on-the-job-of-transition-manager-interview-video-of-philippe-renault-dg-daf\/"},"modified":"2023-05-23T17:25:21","modified_gmt":"2023-05-23T15:25:21","slug":"expertise-of-an-administrative-and-financial-manager-on-the-job-of-transition-manager-interview-video-of-philippe-renault-dg-daf","status":"publish","type":"post","link":"https:\/\/cabinet-management-transition.com\/en\/expertise-of-an-administrative-and-financial-manager-on-the-job-of-transition-manager-interview-video-of-philippe-renault-dg-daf\/","title":{"rendered":"The job of Transition Manager | Video interview with Philippe Renault- DG\/DAF"},"content":{"rendered":"\t\t<div data-elementor-type=\"wp-post\" data-elementor-id=\"14001\" class=\"elementor elementor-14001 elementor-12578\" data-elementor-post-type=\"post\">\n\t\t\t\t\t\t<section class=\"elementor-section elementor-top-section elementor-element elementor-element-6fe916c elementor-section-boxed elementor-section-height-default elementor-section-height-default\" data-id=\"6fe916c\" data-element_type=\"section\" data-e-type=\"section\">\n\t\t\t\t\t\t<div class=\"elementor-container elementor-column-gap-default\">\n\t\t\t\t\t<div class=\"elementor-column elementor-col-100 elementor-top-column elementor-element elementor-element-6db7832\" data-id=\"6db7832\" data-element_type=\"column\" data-e-type=\"column\">\n\t\t\t<div class=\"elementor-widget-wrap elementor-element-populated\">\n\t\t\t\t\t\t<div class=\"elementor-element elementor-element-9522412 elementor-widget elementor-widget-video\" data-id=\"9522412\" data-element_type=\"widget\" data-e-type=\"widget\" data-settings=\"{&quot;youtube_url&quot;:&quot;https:\\\/\\\/www.youtube.com\\\/watch?v=53MwaU-9kwo&quot;,&quot;video_type&quot;:&quot;youtube&quot;,&quot;controls&quot;:&quot;yes&quot;}\" data-widget_type=\"video.default\">\n\t\t\t\t<div class=\"elementor-widget-container\">\n\t\t\t\t\t\t\t<div class=\"elementor-wrapper elementor-open-inline\">\n\t\t\t<div class=\"elementor-video\"><\/div>\t\t<\/div>\n\t\t\t\t\t\t<\/div>\n\t\t\t\t<\/div>\n\t\t\t\t<div class=\"elementor-element elementor-element-b6c3905 elementor-widget elementor-widget-spacer\" data-id=\"b6c3905\" data-element_type=\"widget\" data-e-type=\"widget\" data-widget_type=\"spacer.default\">\n\t\t\t\t<div class=\"elementor-widget-container\">\n\t\t\t\t\t\t\t<div class=\"elementor-spacer\">\n\t\t\t<div class=\"elementor-spacer-inner\"><\/div>\n\t\t<\/div>\n\t\t\t\t\t\t<\/div>\n\t\t\t\t<\/div>\n\t\t\t\t<div class=\"elementor-element elementor-element-6dd7fc1 elementor-widget elementor-widget-heading\" data-id=\"6dd7fc1\" data-element_type=\"widget\" data-e-type=\"widget\" data-widget_type=\"heading.default\">\n\t\t\t\t<div class=\"elementor-widget-container\">\n\t\t\t\t\t<h1 class=\"elementor-heading-title elementor-size-large\">Summarized written interview | The Transition Manager<\/h1>\t\t\t\t<\/div>\n\t\t\t\t<\/div>\n\t\t\t\t<div class=\"elementor-element elementor-element-235458f elementor-widget elementor-widget-spacer\" data-id=\"235458f\" data-element_type=\"widget\" data-e-type=\"widget\" data-widget_type=\"spacer.default\">\n\t\t\t\t<div class=\"elementor-widget-container\">\n\t\t\t\t\t\t\t<div class=\"elementor-spacer\">\n\t\t\t<div class=\"elementor-spacer-inner\"><\/div>\n\t\t<\/div>\n\t\t\t\t\t\t<\/div>\n\t\t\t\t<\/div>\n\t\t\t\t<div class=\"elementor-element elementor-element-4ecb333 elementor-widget elementor-widget-spacer\" data-id=\"4ecb333\" data-element_type=\"widget\" data-e-type=\"widget\" data-widget_type=\"spacer.default\">\n\t\t\t\t<div class=\"elementor-widget-container\">\n\t\t\t\t\t\t\t<div class=\"elementor-spacer\">\n\t\t\t<div class=\"elementor-spacer-inner\"><\/div>\n\t\t<\/div>\n\t\t\t\t\t\t<\/div>\n\t\t\t\t<\/div>\n\t\t\t\t<div class=\"elementor-element elementor-element-cafecd9 elementor-widget elementor-widget-heading\" data-id=\"cafecd9\" data-element_type=\"widget\" data-e-type=\"widget\" data-widget_type=\"heading.default\">\n\t\t\t\t<div class=\"elementor-widget-container\">\n\t\t\t\t\t<h2 class=\"elementor-heading-title elementor-size-medium\">What is an interim manager?  <\/h2>\t\t\t\t<\/div>\n\t\t\t\t<\/div>\n\t\t\t\t<div class=\"elementor-element elementor-element-0c78e18 elementor-widget elementor-widget-text-editor\" data-id=\"0c78e18\" data-element_type=\"widget\" data-e-type=\"widget\" data-widget_type=\"text-editor.default\">\n\t\t\t\t<div class=\"elementor-widget-container\">\n\t\t\t\t\t\t\t\t\t<p><span id=\"p0\">An interim manager is an experienced executive who brings his or her experience for a given period of time to a company facing an unusual challenge in its course and operation:<\/span><span id=\"p1\"> solvency\/profitability crisis, change management, change of scope or vacancy of a position.<\/span><span id=\"p2\"><\/span><\/p>\n<p><span id=\"p3\">The principle of the interim manager is that he is there temporarily.<\/span><span id=\"p27\">  Therefore, a large part of its mission is to create its own irrelevance.<\/span><\/p>\n<p><span id=\"p5\">The interim manager does not necessarily come from the sector in which he or she will be working.<\/span><span id=\"p28\">  It&#8217;s someone who can come from an outside sector and in some cases, that&#8217;s quite an asset.<\/span><span id=\"p7\">  Because it gives you a fresh eye and it allows you to bring a different vision when you&#8217;re managing change, which is not useless.<\/span><\/p>\n<p><span id=\"p29\">It is someone who has significant professional experience, who is often oversized for the mission in order to be able to adapt to it and be effective as quickly as possible.<\/span><\/p>\n<p><span id=\"p9\">It is by definition someone who is able to understand and adapt quickly, to deliver quickly.<\/span><span id=\"p10\"><\/span><\/p>\n<p><span id=\"p30\">And more than that, beyond the professional experience, the practice and the business expertise.<\/span><span id=\"p31\">  The interim manager is also a state of mind:<\/span><\/p>\n<p><span id=\"p13\"><\/span><span id=\"p14\">He is someone who likes to take on new challenges in his professional life, who is able to mobilize very quickly, who is able to communicate, to get in touch with teams, who is able to mobilize effectively and <span id=\"19\">quickly<\/span>.<\/span><\/p>\n<p><span id=\"p15\">He is someone who is able to keep the stress that affects him at bay and who <span id=\"21\">can<\/span> have a good sense of humor.<\/span><\/p>\n\t\t\t\t\t\t\t\t<\/div>\n\t\t\t\t<\/div>\n\t\t\t\t<div class=\"elementor-element elementor-element-dad4f47 elementor-widget elementor-widget-spacer\" data-id=\"dad4f47\" data-element_type=\"widget\" data-e-type=\"widget\" data-widget_type=\"spacer.default\">\n\t\t\t\t<div class=\"elementor-widget-container\">\n\t\t\t\t\t\t\t<div class=\"elementor-spacer\">\n\t\t\t<div class=\"elementor-spacer-inner\"><\/div>\n\t\t<\/div>\n\t\t\t\t\t\t<\/div>\n\t\t\t\t<\/div>\n\t\t\t\t<div class=\"elementor-element elementor-element-d665726 elementor-widget elementor-widget-heading\" data-id=\"d665726\" data-element_type=\"widget\" data-e-type=\"widget\" data-widget_type=\"heading.default\">\n\t\t\t\t<div class=\"elementor-widget-container\">\n\t\t\t\t\t<h2 class=\"elementor-heading-title elementor-size-medium\">In your opinion, is a sense of humor important in a mission?<\/h2>\t\t\t\t<\/div>\n\t\t\t\t<\/div>\n\t\t\t\t<div class=\"elementor-element elementor-element-b3de186 elementor-widget elementor-widget-text-editor\" data-id=\"b3de186\" data-element_type=\"widget\" data-e-type=\"widget\" data-widget_type=\"text-editor.default\">\n\t\t\t\t<div class=\"elementor-widget-container\">\n\t\t\t\t\t\t\t\t\t<p><span id=\"p34\">Yes.<\/span><span id=\"p35\">  This is important because we usually arrive in a context of stress.<\/span><span id=\"p36\">  In a context in which we have teams that are disoriented, sometimes dumbfounded.<\/span><span id=\"p46\"> <\/span><\/p>\n<p>In particular, when we are in a crisis context and the sense of humor does not allow us to undergo the circumstances, but to show that we are in charge.<span id=\"p47\">  To show that we do not let ourselves be overwhelmed, but that we do indeed try to cope.<\/span><\/p>\n<p><span id=\"p48\">And then it&#8217;s mobilizing the sense of humor.<\/span><span id=\"p40\">  It helps to create a team spirit around a project.<\/span><span id=\"p41\"> <\/span><\/p>\n\t\t\t\t\t\t\t\t<\/div>\n\t\t\t\t<\/div>\n\t\t\t\t<div class=\"elementor-element elementor-element-1fb4a5c elementor-widget elementor-widget-spacer\" data-id=\"1fb4a5c\" data-element_type=\"widget\" data-e-type=\"widget\" data-widget_type=\"spacer.default\">\n\t\t\t\t<div class=\"elementor-widget-container\">\n\t\t\t\t\t\t\t<div class=\"elementor-spacer\">\n\t\t\t<div class=\"elementor-spacer-inner\"><\/div>\n\t\t<\/div>\n\t\t\t\t\t\t<\/div>\n\t\t\t\t<\/div>\n\t\t\t\t<div class=\"elementor-element elementor-element-b12de5b elementor-widget elementor-widget-spacer\" data-id=\"b12de5b\" data-element_type=\"widget\" data-e-type=\"widget\" data-widget_type=\"spacer.default\">\n\t\t\t\t<div class=\"elementor-widget-container\">\n\t\t\t\t\t\t\t<div class=\"elementor-spacer\">\n\t\t\t<div class=\"elementor-spacer-inner\"><\/div>\n\t\t<\/div>\n\t\t\t\t\t\t<\/div>\n\t\t\t\t<\/div>\n\t\t\t\t<div class=\"elementor-element elementor-element-c3e25d7 elementor-widget elementor-widget-text-editor\" data-id=\"c3e25d7\" data-element_type=\"widget\" data-e-type=\"widget\" data-widget_type=\"text-editor.default\">\n\t\t\t\t<div class=\"elementor-widget-container\">\n\t\t\t\t\t\t\t\t\t<p><a href=\"https:\/\/cabinet-management-transition.com\/transition-des-organisations-succes-de-la-transformation-digitale\/\"><span style=\"text-decoration: underline;\">Read also: <\/span><\/a><\/p>\n<ul>\n<li><span style=\"text-decoration: underline;\"><a href=\"https:\/\/cabinet-management-transition.com\/probleme-de-management\/\">Management problem: how much can it impact a company?<\/a><\/span><\/li>\n<li><span style=\"text-decoration: underline;\"><a class=\"row-title\" href=\"https:\/\/cabinet-management-transition.com\/en\/expertise-of-an-administrative-and-financial-director-on-turnaround-missions-interview-video-of-philippe-renault-dg-daf\/\" aria-label=\"\u00ab Expertise d\u2019un Directeur Administratif et Financier sur les missions de retournement | Interview vid\u00e9o de Philippe Renault- DG\/DAF \u00bb (Modifier)\">Expertise of an Administrative and Financial Director on turnaround missions | Video interview with Philippe Renault- DG\/DAF<\/a> <\/span><\/li>\n<li><a href=\"https:\/\/cabinet-management-transition.com\/en\/impact-of-the-crisis-covid-on-the-function-rh\/\"><span style=\"text-decoration: underline;\">The impact of the Covid-19 crisis in the HR function | Video interview with Fran\u00e7ois Serizay &#8211; HR Director of large industrial groups  <\/span><\/a><\/li>\n<li>\n<p class=\"elementor-post__title\"><span style=\"text-decoration: underline;\"><a class=\"row-title\" href=\"https:\/\/cabinet-management-transition.com\/en\/management-adapted-for-business\/\" aria-label=\"\u00ab Conseils d\u2019un Directeur G\u00e9n\u00e9ral sur le management des \u00e9quipes | Interview vid\u00e9o de Roland Andr\u00e9 \u2013 Directeur G\u00e9n\u00e9ral Adjoint de Docaposte \u00bb (Modifier)\">Advice from a General Manager on managing teams | Video interview with Roland Andr\u00e9  <\/a><\/span><\/p>\n<\/li>\n<\/ul>\n\t\t\t\t\t\t\t\t<\/div>\n\t\t\t\t<\/div>\n\t\t\t\t\t<\/div>\n\t\t<\/div>\n\t\t\t\t\t<\/div>\n\t\t<\/section>\n\t\t\t\t<\/div>\n\t\t","protected":false},"excerpt":{"rendered":"<p>Summarized written interview | The Transition Manager What is an interim manager? An interim manager is an experienced executive who brings his or her experience for a given period of &hellip;<\/p>\n","protected":false},"author":4,"featured_media":12560,"comment_status":"closed","ping_status":"open","sticky":false,"template":"","format":"standard","meta":{"_acf_changed":false,"_seopress_robots_primary_cat":"none","_seopress_titles_title":"The job of Transition Manager | Video interview with Philippe Renault- DG\/DAF | MOMEN","_seopress_titles_desc":"Philippe Renault, Managing Director & Chief Financial Officer, shares his expertise on interim management by giving us an insight into the function of interim manager","_seopress_robots_index":"","footnotes":""},"categories":[28],"tags":[],"class_list":["post-14001","post","type-post","status-publish","format-standard","has-post-thumbnail","category-videos-interviews"],"acf":[],"_links":{"self":[{"href":"https:\/\/cabinet-management-transition.com\/en\/wp-json\/wp\/v2\/posts\/14001","targetHints":{"allow":["GET"]}}],"collection":[{"href":"https:\/\/cabinet-management-transition.com\/en\/wp-json\/wp\/v2\/posts"}],"about":[{"href":"https:\/\/cabinet-management-transition.com\/en\/wp-json\/wp\/v2\/types\/post"}],"author":[{"embeddable":true,"href":"https:\/\/cabinet-management-transition.com\/en\/wp-json\/wp\/v2\/users\/4"}],"replies":[{"embeddable":true,"href":"https:\/\/cabinet-management-transition.com\/en\/wp-json\/wp\/v2\/comments?post=14001"}],"version-history":[{"count":0,"href":"https:\/\/cabinet-management-transition.com\/en\/wp-json\/wp\/v2\/posts\/14001\/revisions"}],"wp:featuredmedia":[{"embeddable":true,"href":"https:\/\/cabinet-management-transition.com\/en\/wp-json\/wp\/v2\/media\/12560"}],"wp:attachment":[{"href":"https:\/\/cabinet-management-transition.com\/en\/wp-json\/wp\/v2\/media?parent=14001"}],"wp:term":[{"taxonomy":"category","embeddable":true,"href":"https:\/\/cabinet-management-transition.com\/en\/wp-json\/wp\/v2\/categories?post=14001"},{"taxonomy":"post_tag","embeddable":true,"href":"https:\/\/cabinet-management-transition.com\/en\/wp-json\/wp\/v2\/tags?post=14001"}],"curies":[{"name":"wp","href":"https:\/\/api.w.org\/{rel}","templated":true}]}}